{"id":1563,"date":"2020-03-20T16:21:00","date_gmt":"2020-03-20T15:21:00","guid":{"rendered":"https:\/\/concours-paix.francetveducation.fr\/?p=1563"},"modified":"2020-03-20T16:26:52","modified_gmt":"2020-03-20T15:26:52","slug":"50eme-anniversaire-de-la-francophonie","status":"publish","type":"post","link":"https:\/\/concours-paix.francetveducation.fr\/edition-2020-2021\/50eme-anniversaire-de-la-francophonie\/","title":{"rendered":"20 MARS 2020 &#8211; 50\u00e8me ANNIVERSAIRE DE LA FRANCOPHONIE"},"content":{"rendered":"<p><strong>\u00a0<\/strong>5<sup>\u00e8me<\/sup> langue mondiale apr\u00e8s le mandarin, l\u2019anglais, l\u2019arabe et l\u2019espagnol, 4<sup>\u00e8me<\/sup> langue sur internet, unique langue avec l\u2019anglais \u00e0 \u00eatre pr\u00e9sente sur l\u2019ensemble des continents, parl\u00e9 dans 106 pays et territoires\u2026Vous l&#8217;avez compris, la Francophonie f\u00eate en ce jour particulier de printemps 2020, ses 50 ans. Mais qu\u2019est ce que ce que la Francophonie ? Qui sont ses locuteurs ?\u00a0 Y&#8217;a une ou des langues fran\u00e7aises ? Partager une langue commune peut-il \u00eatre aujourd\u2019hui vecteur de paix ? Un\u00a0 cartable p\u00e9dagogique con\u00e7u et \u00e9dit\u00e9 par l\u2019Organisme International de la Francophonie [OIF] est propos\u00e9 \u00e0 tous les enseignants et leurs les \u00e9l\u00e8ves, mais aussi \u00e0 chacune et \u00e0 chacun d&#8217;entre nous qui a la possibilit\u00e9 de la consulter. Bonne d\u00e9couverte si vous faites partie des 300 millions de locuteurs de langue fran\u00e7aise r\u00e9pertori\u00e9s \u00e0 travers le monde. NB<\/p>\n<p><strong>D\u00e9couvrez le cartable p\u00e9dagogie de la Francophonie par l&#8217;OIF<\/strong><\/p>\n<p><a href=\"https:\/\/www.francophonie.org\/cartable-num\u00e9rique\">https:\/\/www.francophonie.org\/cartable-num\u00e9rique<\/a><\/p>\n<p><a href=\"https:\/\/www.francophonie.org\/\">https:\/\/www.francophonie.org\/<\/a><\/p>\n<p><strong>D\u00e9couvrez la Francophonie sur notre plate-forme LUMNI<\/strong><\/p>\n<p><a href=\"https:\/\/www.lumni.fr\/article\/la-semaine-de-la-langue-francaise-et-de-la-francophonie\">https:\/\/www.lumni.fr\/article\/la-semaine-de-la-langue-francaise-et-de-la-francophonie<\/a><\/p>\n<p><a href=\"https:\/\/www.lumni.fr\/video\/les-langues-de-la-diplomatie-quelle-place-pour-le-francais\">https:\/\/www.lumni.fr\/video\/les-langues-de-la-diplomatie-quelle-place-pour-le-francais<\/a><\/p>\n<p><strong>\u00a0<\/strong><\/p>\n","protected":false},"excerpt":{"rendered":"<p>\u00a05\u00e8me langue mondiale apr\u00e8s le mandarin, l\u2019anglais, l\u2019arabe et l\u2019espagnol, 4\u00e8me langue sur internet, unique langue avec l\u2019anglais \u00e0 \u00eatre pr\u00e9sente sur l\u2019ensemble des continents, parl\u00e9 dans 106 pays et territoires\u2026Vous l&#8217;avez compris, la Francophonie f\u00eate en ce jour particulier de printemps 2020, ses 50 ans. Mais qu\u2019est ce que ce que la Francophonie ? [&hellip;]<\/p>\n","protected":false},"author":4,"featured_media":1564,"comment_status":"closed","ping_status":"closed","sticky":false,"template":"","format":"standard","meta":[],"categories":[26],"tags":[],"_links":{"self":[{"href":"https:\/\/concours-paix.francetveducation.fr\/edition-2020-2021\/wp-json\/wp\/v2\/posts\/1563"}],"collection":[{"href":"https:\/\/concours-paix.francetveducation.fr\/edition-2020-2021\/wp-json\/wp\/v2\/posts"}],"about":[{"href":"https:\/\/concours-paix.francetveducation.fr\/edition-2020-2021\/wp-json\/wp\/v2\/types\/post"}],"author":[{"embeddable":true,"href":"https:\/\/concours-paix.francetveducation.fr\/edition-2020-2021\/wp-json\/wp\/v2\/users\/4"}],"replies":[{"embeddable":true,"href":"https:\/\/concours-paix.francetveducation.fr\/edition-2020-2021\/wp-json\/wp\/v2\/comments?post=1563"}],"version-history":[{"count":6,"href":"https:\/\/concours-paix.francetveducation.fr\/edition-2020-2021\/wp-json\/wp\/v2\/posts\/1563\/revisions"}],"predecessor-version":[{"id":1570,"href":"https:\/\/concours-paix.francetveducation.fr\/edition-2020-2021\/wp-json\/wp\/v2\/posts\/1563\/revisions\/1570"}],"wp:featuredmedia":[{"embeddable":true,"href":"https:\/\/concours-paix.francetveducation.fr\/edition-2020-2021\/wp-json\/wp\/v2\/media\/1564"}],"wp:attachment":[{"href":"https:\/\/concours-paix.francetveducation.fr\/edition-2020-2021\/wp-json\/wp\/v2\/media?parent=1563"}],"wp:term":[{"taxonomy":"category","embeddable":true,"href":"https:\/\/concours-paix.francetveducation.fr\/edition-2020-2021\/wp-json\/wp\/v2\/categories?post=1563"},{"taxonomy":"post_tag","embeddable":true,"href":"https:\/\/concours-paix.francetveducation.fr\/edition-2020-2021\/wp-json\/wp\/v2\/tags?post=1563"}],"curies":[{"name":"wp","href":"https:\/\/api.w.org\/{rel}","templated":true}]}}